{"id":485,"date":"2024-09-01T10:16:05","date_gmt":"2024-09-01T08:16:05","guid":{"rendered":"https:\/\/formation-lithotherapie-bretagne.com\/?p=485"},"modified":"2025-02-01T09:52:25","modified_gmt":"2025-02-01T08:52:25","slug":"le-grenat-almandin-saptembre-2024","status":"publish","type":"post","link":"https:\/\/formation-lithotherapie-bretagne.com\/index.php\/2024\/09\/01\/le-grenat-almandin-saptembre-2024\/","title":{"rendered":"Le Grenat Almandin &#8211; Septembre 2024"},"content":{"rendered":"\n<h2 class=\"wp-block-heading\">Le Grenat Almandin<\/h2>\n\n\n\n<p class=\"has-text-align-center\"><img decoding=\"async\" width=\"199\" src=\"https:\/\/ci3.googleusercontent.com\/meips\/ADKq_NYNal_nWDaAMbmpr9bDVbJnsDXvwYTc0kUOYYC4f-gmtNsn0AOpZ9D4LSNKZdZ1Ij3X72-U00Kv0tn44q6zp--QKrIqb-C42suqtYzYpZ6uBc6WL2ZTjWroiNeT9LVcEjt5eyWXosGYjJzB0A3dYOF4fw=s0-d-e1-ft#https:\/\/byv14.img.ag.d.sendibm3.com\/im\/sh\/Vr3WbAPvGtwJ.jpg?u=7xwQLFBtniwQn8DavL6YZzCtaiZW83i\"><\/p>\n\n\n\n<p>L&rsquo;<strong>\u00e9quinoxe <\/strong>d&rsquo;automne ayant lieu le<strong> 22 septembre<\/strong>, nous nous pr\u00e9parons doucement \u00e0 rentrer dans l&rsquo;automne. <strong>Samhain<\/strong>, soupe de potiron, ch\u00e2taignes grill\u00e9es et autres festivit\u00e9s se pr\u00e9parent et pour clore ce chapitre estival, je vous propose de d\u00e9couvrir <strong>le grenat almandin<\/strong>.<br>\u00a0Cette<strong> pierre semi-pr\u00e9cieuse<\/strong> tire son \u00e9tymologie du latin <em>malum granatum<\/em>\u00a0qui signifie pommes \u00e0 grains. Tout comme le fruit du m\u00eame nom qui est consomm\u00e9 pour ses propri\u00e9t\u00e9s antioxydantes, le grenat almandin rev\u00eat des teintes allant d&rsquo;un rouge tr\u00e8s fonc\u00e9 \u00e0 un brun-noir.<br>Les grenats ne sont pas toujours rouges ou marrons. <strong>Il en existe de nombreuses couleurs<\/strong>\u00a0: des verts &#8211; uvarovite ou <strong>grossulaire <\/strong>-, des jaune-vert\u2013 d\u00e9manto\u00efde -, des oranges \u2014 <strong>spessartite <\/strong>ou hessonite -, des violets appel\u00e9s grenats violac\u00e9s.<br>\u00a0Ce min\u00e9ral est compos\u00e9 de silicates d&rsquo;aluminium et de fer. On le retrouve sur plusieurs continents ; de l&rsquo;Autriche \u00e0 l&rsquo;Afghanistan en passant par le Sri Lanka mais \u00e9galement en <strong>Bretagne <\/strong>o\u00f9 il est pr\u00e9sent sur L\u2019\u00eele de Groix <em>(site interdit au public<\/em>)Des traces de son utilisation en joaillerie nous am\u00e8nent \u00e0 la fin du Moyen \u00c2ge o\u00f9 le grenat almandin \u00e9tait surnomm\u00e9 escarboucle &#8211; \u00ab\u00a0boucle de charbon\u00a0\u00bb \u2014. Il \u00e9tait utilis\u00e9 sous forme de broche pour fermer les capes.\u00c9voqu\u00e9 dans plusieurs <strong>r\u00e9cits religieux<\/strong>, il sert de lumi\u00e8re pour guider <strong>No\u00e9<\/strong> dans les t\u00e9n\u00e8bres, symbolise le quatri\u00e8me ciel dans le <strong>Coran<\/strong>, tandis que dans la culture Viking, il \u00e9tait utilis\u00e9 pour accompagner les morts vers le <strong>Valhalla<\/strong>.<\/p>\n\n\n\n<p class=\"has-text-align-center\"><img decoding=\"async\" width=\"239\" src=\"https:\/\/ci3.googleusercontent.com\/meips\/ADKq_NbexzxDSVBewWM1_fleNuIx-_OYGXDpcvM-aBoccr94GVhNCvFQtNCstEYgM7EGz4rt4VHLpgICvH0HKynS45cqUxdZbjkniJO6o8lmnrznBgIIr5kWJEqtzVBd0iFKk_XRaGTbITcuCmsnuYZ7bhCobSM=s0-d-e1-ft#https:\/\/byv14.img.ag.d.sendibm3.com\/im\/sh\/A7UdREoIndak.jpeg?u=7xwQLFBtniwQnF534A3jk8gzQ1JUQdy\"><\/p>\n\n\n\n<p>Sur le <strong>plan physique<\/strong>, le grenat almandin a une <strong>action r\u00e9gulatrice<\/strong> \u00e0 plusieurs niveaux.\u00a0Il pourra avoir un effet au niveau du c\u0153ur et \u00e9galement de la tension de mani\u00e8re globale. Cependant, en cas d&rsquo;<strong>hypertension<\/strong>, de tachycardie ou d&rsquo;\u00e9tat nerveux g\u00e9n\u00e9ralis\u00e9, c&rsquo;est une <strong>pierre \u00e0 \u00e9viter<\/strong> ! En effet, si le grenat almandin est recommand\u00e9 pour les personnes calmes et pos\u00e9es, il aura un <strong>effet contre-productif<\/strong> pour les individus col\u00e9riques, jaloux ou tr\u00e8s ambitieux.Si vous avez souvent une impression de jambes lourdes et que vos mains et vos pieds semblent glac\u00e9s : il s&rsquo;agit probablement d&rsquo;un <strong>probl\u00e8me de circulation<\/strong> sanguine pour lequel le grenat almandin aurait des vertus b\u00e9n\u00e9fiques.En cas d&rsquo;<strong>an\u00e9mie<\/strong>, il favoriserait l&rsquo;absorption du fer en contribuant au renforcement des globules rouges.\u00a0Avec les jours qui se raccourcissent, le<strong> d\u00e9ficit en vitamine D<\/strong> commence \u00e0 se ressentir. Pour \u00e9viter un sentiment d&rsquo;abattement fr\u00e9quemment li\u00e9 au manque de luminosit\u00e9, le grenat almandin <strong>renforce votre vitalit\u00e9<\/strong>, vous permettant d&rsquo;affronter les p\u00e9riodes moroses.Lorsque vous souhaitez vous lancer dans des projets\u202f; il vous offrira le<strong> regain d&rsquo;\u00e9nergie n\u00e9cessaire<\/strong> \u00e0 la conception de nouvelles id\u00e9es et l\u2019envie de les concr\u00e9tiser.\u00a0<strong>Vous avez les ressources en vous<\/strong> : le grenat almandin op\u00e8re comme un assistant pour consolider votre force int\u00e9rieure !<br>\u00a0 <\/p>\n\n\n\n<p class=\"has-text-align-center\"><img decoding=\"async\" width=\"318\" src=\"https:\/\/ci3.googleusercontent.com\/meips\/ADKq_NZ6wsOTdI-26-9J9_8FVxnA2MGYbGL0nlXKszBQ1mvQMSfwRGXFLKu3ENNM3HxUXaTR6S1fVPYtOJZEQi0XAbizIluy92ZZuJQEwolfwQxaqjCcceKCiHBUw0Bfkkn779TpF5ZVf-amVYre0l7I3J8Q3A=s0-d-e1-ft#https:\/\/byv14.img.ag.d.sendibm3.com\/im\/sh\/IbPPfy6g7QVx.jpg?u=7xwQLFBtniwQnLwVCz0uuIB5FK3SjEE\"><\/p>\n\n\n\n<p>Pour <strong>en savoir plus<\/strong> sur les usages du grenat almandin en lithoth\u00e9rapie, je vous propose des <strong>consultations individuelles<\/strong> qui vous permettront de tester l\u2019\u00e9nergie des pierres.<br>Des probl\u00e8mes, des <strong>blocages<\/strong>, de la fatigue, des difficult\u00e9s relationnelles ou <strong>psycho\u00e9motionnelles <\/strong>? N\u2019h\u00e9sitez pas \u00e0 venir me rencontrer pour d\u00e9couvrir l\u2019usage des pierres \u00e0 vertus th\u00e9rapeutiques.<br>\u00a0Je vous sugg\u00e8re de vous tourner vers les diff\u00e9rents <strong>cycles de formation<\/strong> ; des modules d&rsquo;<strong>un \u00e0 deux jours <\/strong>vous permettront d\u2019aborder la lithoth\u00e9rapie pour un usage personnel, tandis que les formations longues seront plut\u00f4t destin\u00e9es \u00e0 un public professionnel d\u00e9sirant compl\u00e9ter ses connaissances.<\/p>\n\n\n\n<p class=\"has-text-align-center\"><img decoding=\"async\" width=\"522\" src=\"https:\/\/ci3.googleusercontent.com\/meips\/ADKq_NbtWYvlbzWUcznPcPKTwU1mAuCEmBI7F8-oT4JeXh7Tt9fpxB8_MEmNYT1QlWAZ_2QDVY2-WpcOONCLeP34RmtOg9wjLaMUyjgN3isvklI6XhZ_6xExv4wlRmqKQcJr-gGOXTABnYgm_SWwTlfMZtOp5w=s0-d-e1-ft#https:\/\/byv14.img.ag.d.sendibm3.com\/im\/sh\/dxe-D4JXg8KV.png?u=7xwQLFBtniwQnSnxLny64RfB4cnR1oU\"><\/p>\n\n\n\n<p>En <strong>octobre,<\/strong> vous pourrez participer \u00e0 un <strong>module en ligne<\/strong> qui vous permettra de d\u00e9couvrir les vertus et les applications des <strong>tourmalines<\/strong>.<br>Vous retrouverez toutes les informations et les modalit\u00e9s d&rsquo;inscription ci-dessous.<\/p>\n\n\n\n<p class=\"has-text-align-center\"><\/p>\n\n\n\n<p><\/p>\n","protected":false},"excerpt":{"rendered":"<p>Le Grenat Almandin L&rsquo;\u00e9quinoxe d&rsquo;automne ayant lieu le 22 septembre, nous nous pr\u00e9parons doucement \u00e0 rentrer dans l&rsquo;automne. Samhain, soupe de potiron, ch\u00e2taignes grill\u00e9es et autres festivit\u00e9s se pr\u00e9parent et [&hellip;]<\/p>\n","protected":false},"author":1,"featured_media":486,"comment_status":"open","ping_status":"open","sticky":false,"template":"","format":"standard","meta":{"_uag_custom_page_level_css":"","site-sidebar-layout":"default","site-content-layout":"","ast-site-content-layout":"default","site-content-style":"default","site-sidebar-style":"default","ast-global-header-display":"","ast-banner-title-visibility":"","ast-main-header-display":"","ast-hfb-above-header-display":"","ast-hfb-below-header-display":"","ast-hfb-mobile-header-display":"","site-post-title":"","ast-breadcrumbs-content":"","ast-featured-img":"","footer-sml-layout":"","ast-disable-related-posts":"","theme-transparent-header-meta":"","adv-header-id-meta":"","stick-header-meta":"","header-above-stick-meta":"","header-main-stick-meta":"","header-below-stick-meta":"","astra-migrate-meta-layouts":"default","ast-page-background-enabled":"default","ast-page-background-meta":{"desktop":{"background-color":"var(--ast-global-color-4)","background-image":"","background-repeat":"repeat","background-position":"center center","background-size":"auto","background-attachment":"scroll","background-type":"","background-media":"","overlay-type":"","overlay-color":"","overlay-opacity":"","overlay-gradient":""},"tablet":{"background-color":"","background-image":"","background-repeat":"repeat","background-position":"center center","background-size":"auto","background-attachment":"scroll","background-type":"","background-media":"","overlay-type":"","overlay-color":"","overlay-opacity":"","overlay-gradient":""},"mobile":{"background-color":"","background-image":"","background-repeat":"repeat","background-position":"center center","background-size":"auto","background-attachment":"scroll","background-type":"","background-media":"","overlay-type":"","overlay-color":"","overlay-opacity":"","overlay-gradient":""}},"ast-content-background-meta":{"desktop":{"background-color":"var(--ast-global-color-5)","background-image":"","background-repeat":"repeat","background-position":"center center","background-size":"auto","background-attachment":"scroll","background-type":"","background-media":"","overlay-type":"","overlay-color":"","overlay-opacity":"","overlay-gradient":""},"tablet":{"background-color":"var(--ast-global-color-5)","background-image":"","background-repeat":"repeat","background-position":"center center","background-size":"auto","background-attachment":"scroll","background-type":"","background-media":"","overlay-type":"","overlay-color":"","overlay-opacity":"","overlay-gradient":""},"mobile":{"background-color":"var(--ast-global-color-5)","background-image":"","background-repeat":"repeat","background-position":"center center","background-size":"auto","background-attachment":"scroll","background-type":"","background-media":"","overlay-type":"","overlay-color":"","overlay-opacity":"","overlay-gradient":""}},"footnotes":""},"categories":[28],"tags":[],"class_list":["post-485","post","type-post","status-publish","format-standard","has-post-thumbnail","hentry","category-pierre-du-mois"],"yoast_head":"<!-- This site is optimized with the Yoast SEO plugin v26.9 - https:\/\/yoast.com\/product\/yoast-seo-wordpress\/ -->\n<title>Le Grenat Almandin - Septembre 2024 - Formation Lithoth\u00e9rapie Bretagne<\/title>\n<meta name=\"robots\" content=\"index, follow, max-snippet:-1, max-image-preview:large, max-video-preview:-1\" \/>\n<link rel=\"canonical\" href=\"https:\/\/formation-lithotherapie-bretagne.com\/index.php\/2024\/09\/01\/le-grenat-almandin-saptembre-2024\/\" \/>\n<meta property=\"og:locale\" content=\"fr_FR\" \/>\n<meta property=\"og:type\" content=\"article\" \/>\n<meta property=\"og:title\" content=\"Le Grenat Almandin - Septembre 2024 - Formation Lithoth\u00e9rapie Bretagne\" \/>\n<meta property=\"og:description\" content=\"Le Grenat Almandin L&rsquo;\u00e9quinoxe d&rsquo;automne ayant lieu le 22 septembre, nous nous pr\u00e9parons doucement \u00e0 rentrer dans l&rsquo;automne. Samhain, soupe de potiron, ch\u00e2taignes grill\u00e9es et autres festivit\u00e9s se pr\u00e9parent et [&hellip;]\" \/>\n<meta property=\"og:url\" content=\"https:\/\/formation-lithotherapie-bretagne.com\/index.php\/2024\/09\/01\/le-grenat-almandin-saptembre-2024\/\" \/>\n<meta property=\"og:site_name\" content=\"Formation Lithoth\u00e9rapie Bretagne\" \/>\n<meta property=\"article:published_time\" content=\"2024-09-01T08:16:05+00:00\" \/>\n<meta property=\"article:modified_time\" content=\"2025-02-01T08:52:25+00:00\" \/>\n<meta property=\"og:image\" content=\"http:\/\/formation-lithotherapie-bretagne.com\/wp-content\/uploads\/2024\/09\/grenatAlmandin.jpg\" \/>\n\t<meta property=\"og:image:width\" content=\"227\" \/>\n\t<meta property=\"og:image:height\" content=\"179\" \/>\n\t<meta property=\"og:image:type\" content=\"image\/jpeg\" \/>\n<meta name=\"author\" content=\"Chrystelle\" \/>\n<meta name=\"twitter:card\" content=\"summary_large_image\" \/>\n<meta name=\"twitter:label1\" content=\"\u00c9crit par\" \/>\n\t<meta name=\"twitter:data1\" content=\"Chrystelle\" \/>\n\t<meta name=\"twitter:label2\" content=\"Dur\u00e9e de lecture estim\u00e9e\" \/>\n\t<meta name=\"twitter:data2\" content=\"4 minutes\" \/>\n<script type=\"application\/ld+json\" class=\"yoast-schema-graph\">{\"@context\":\"https:\/\/schema.org\",\"@graph\":[{\"@type\":\"Article\",\"@id\":\"https:\/\/formation-lithotherapie-bretagne.com\/index.php\/2024\/09\/01\/le-grenat-almandin-saptembre-2024\/#article\",\"isPartOf\":{\"@id\":\"https:\/\/formation-lithotherapie-bretagne.com\/index.php\/2024\/09\/01\/le-grenat-almandin-saptembre-2024\/\"},\"author\":{\"name\":\"Chrystelle\",\"@id\":\"https:\/\/formation-lithotherapie-bretagne.com\/#\/schema\/person\/6b4829ff8a2107cc57a6944da23b9720\"},\"headline\":\"Le Grenat Almandin &#8211; Septembre 2024\",\"datePublished\":\"2024-09-01T08:16:05+00:00\",\"dateModified\":\"2025-02-01T08:52:25+00:00\",\"mainEntityOfPage\":{\"@id\":\"https:\/\/formation-lithotherapie-bretagne.com\/index.php\/2024\/09\/01\/le-grenat-almandin-saptembre-2024\/\"},\"wordCount\":632,\"commentCount\":0,\"image\":{\"@id\":\"https:\/\/formation-lithotherapie-bretagne.com\/index.php\/2024\/09\/01\/le-grenat-almandin-saptembre-2024\/#primaryimage\"},\"thumbnailUrl\":\"https:\/\/formation-lithotherapie-bretagne.com\/wp-content\/uploads\/2024\/09\/grenatAlmandin.jpg\",\"articleSection\":[\"La Pierre du Mois\"],\"inLanguage\":\"fr-FR\",\"potentialAction\":[{\"@type\":\"CommentAction\",\"name\":\"Comment\",\"target\":[\"https:\/\/formation-lithotherapie-bretagne.com\/index.php\/2024\/09\/01\/le-grenat-almandin-saptembre-2024\/#respond\"]}]},{\"@type\":\"WebPage\",\"@id\":\"https:\/\/formation-lithotherapie-bretagne.com\/index.php\/2024\/09\/01\/le-grenat-almandin-saptembre-2024\/\",\"url\":\"https:\/\/formation-lithotherapie-bretagne.com\/index.php\/2024\/09\/01\/le-grenat-almandin-saptembre-2024\/\",\"name\":\"Le Grenat Almandin - Septembre 2024 - Formation Lithoth\u00e9rapie Bretagne\",\"isPartOf\":{\"@id\":\"https:\/\/formation-lithotherapie-bretagne.com\/#website\"},\"primaryImageOfPage\":{\"@id\":\"https:\/\/formation-lithotherapie-bretagne.com\/index.php\/2024\/09\/01\/le-grenat-almandin-saptembre-2024\/#primaryimage\"},\"image\":{\"@id\":\"https:\/\/formation-lithotherapie-bretagne.com\/index.php\/2024\/09\/01\/le-grenat-almandin-saptembre-2024\/#primaryimage\"},\"thumbnailUrl\":\"https:\/\/formation-lithotherapie-bretagne.com\/wp-content\/uploads\/2024\/09\/grenatAlmandin.jpg\",\"datePublished\":\"2024-09-01T08:16:05+00:00\",\"dateModified\":\"2025-02-01T08:52:25+00:00\",\"author\":{\"@id\":\"https:\/\/formation-lithotherapie-bretagne.com\/#\/schema\/person\/6b4829ff8a2107cc57a6944da23b9720\"},\"breadcrumb\":{\"@id\":\"https:\/\/formation-lithotherapie-bretagne.com\/index.php\/2024\/09\/01\/le-grenat-almandin-saptembre-2024\/#breadcrumb\"},\"inLanguage\":\"fr-FR\",\"potentialAction\":[{\"@type\":\"ReadAction\",\"target\":[\"https:\/\/formation-lithotherapie-bretagne.com\/index.php\/2024\/09\/01\/le-grenat-almandin-saptembre-2024\/\"]}]},{\"@type\":\"ImageObject\",\"inLanguage\":\"fr-FR\",\"@id\":\"https:\/\/formation-lithotherapie-bretagne.com\/index.php\/2024\/09\/01\/le-grenat-almandin-saptembre-2024\/#primaryimage\",\"url\":\"https:\/\/formation-lithotherapie-bretagne.com\/wp-content\/uploads\/2024\/09\/grenatAlmandin.jpg\",\"contentUrl\":\"https:\/\/formation-lithotherapie-bretagne.com\/wp-content\/uploads\/2024\/09\/grenatAlmandin.jpg\",\"width\":227,\"height\":179},{\"@type\":\"BreadcrumbList\",\"@id\":\"https:\/\/formation-lithotherapie-bretagne.com\/index.php\/2024\/09\/01\/le-grenat-almandin-saptembre-2024\/#breadcrumb\",\"itemListElement\":[{\"@type\":\"ListItem\",\"position\":1,\"name\":\"Accueil\",\"item\":\"https:\/\/formation-lithotherapie-bretagne.com\/\"},{\"@type\":\"ListItem\",\"position\":2,\"name\":\"Le Grenat Almandin &#8211; Septembre 2024\"}]},{\"@type\":\"WebSite\",\"@id\":\"https:\/\/formation-lithotherapie-bretagne.com\/#website\",\"url\":\"https:\/\/formation-lithotherapie-bretagne.com\/\",\"name\":\"Formation Lithoth\u00e9rapie Bretagne\",\"description\":\"Formation Lithoth\u00e9rapie en Bretagne\",\"potentialAction\":[{\"@type\":\"SearchAction\",\"target\":{\"@type\":\"EntryPoint\",\"urlTemplate\":\"https:\/\/formation-lithotherapie-bretagne.com\/?s={search_term_string}\"},\"query-input\":{\"@type\":\"PropertyValueSpecification\",\"valueRequired\":true,\"valueName\":\"search_term_string\"}}],\"inLanguage\":\"fr-FR\"},{\"@type\":\"Person\",\"@id\":\"https:\/\/formation-lithotherapie-bretagne.com\/#\/schema\/person\/6b4829ff8a2107cc57a6944da23b9720\",\"name\":\"Chrystelle\",\"image\":{\"@type\":\"ImageObject\",\"inLanguage\":\"fr-FR\",\"@id\":\"https:\/\/formation-lithotherapie-bretagne.com\/#\/schema\/person\/image\/\",\"url\":\"https:\/\/secure.gravatar.com\/avatar\/e49a61936d706ba05d8a3441114a21853c08aae5daa3936e8db191d17f1a58e0?s=96&d=mm&r=g\",\"contentUrl\":\"https:\/\/secure.gravatar.com\/avatar\/e49a61936d706ba05d8a3441114a21853c08aae5daa3936e8db191d17f1a58e0?s=96&d=mm&r=g\",\"caption\":\"Chrystelle\"},\"sameAs\":[\"http:\/\/formation-lithotherapie-bretagne.com\"],\"url\":\"https:\/\/formation-lithotherapie-bretagne.com\/index.php\/author\/admin3598\/\"}]}<\/script>\n<!-- \/ Yoast SEO plugin. -->","yoast_head_json":{"title":"Le Grenat Almandin - Septembre 2024 - Formation Lithoth\u00e9rapie Bretagne","robots":{"index":"index","follow":"follow","max-snippet":"max-snippet:-1","max-image-preview":"max-image-preview:large","max-video-preview":"max-video-preview:-1"},"canonical":"https:\/\/formation-lithotherapie-bretagne.com\/index.php\/2024\/09\/01\/le-grenat-almandin-saptembre-2024\/","og_locale":"fr_FR","og_type":"article","og_title":"Le Grenat Almandin - Septembre 2024 - Formation Lithoth\u00e9rapie Bretagne","og_description":"Le Grenat Almandin L&rsquo;\u00e9quinoxe d&rsquo;automne ayant lieu le 22 septembre, nous nous pr\u00e9parons doucement \u00e0 rentrer dans l&rsquo;automne. Samhain, soupe de potiron, ch\u00e2taignes grill\u00e9es et autres festivit\u00e9s se pr\u00e9parent et [&hellip;]","og_url":"https:\/\/formation-lithotherapie-bretagne.com\/index.php\/2024\/09\/01\/le-grenat-almandin-saptembre-2024\/","og_site_name":"Formation Lithoth\u00e9rapie Bretagne","article_published_time":"2024-09-01T08:16:05+00:00","article_modified_time":"2025-02-01T08:52:25+00:00","og_image":[{"width":227,"height":179,"url":"http:\/\/formation-lithotherapie-bretagne.com\/wp-content\/uploads\/2024\/09\/grenatAlmandin.jpg","type":"image\/jpeg"}],"author":"Chrystelle","twitter_card":"summary_large_image","twitter_misc":{"\u00c9crit par":"Chrystelle","Dur\u00e9e de lecture estim\u00e9e":"4 minutes"},"schema":{"@context":"https:\/\/schema.org","@graph":[{"@type":"Article","@id":"https:\/\/formation-lithotherapie-bretagne.com\/index.php\/2024\/09\/01\/le-grenat-almandin-saptembre-2024\/#article","isPartOf":{"@id":"https:\/\/formation-lithotherapie-bretagne.com\/index.php\/2024\/09\/01\/le-grenat-almandin-saptembre-2024\/"},"author":{"name":"Chrystelle","@id":"https:\/\/formation-lithotherapie-bretagne.com\/#\/schema\/person\/6b4829ff8a2107cc57a6944da23b9720"},"headline":"Le Grenat Almandin &#8211; Septembre 2024","datePublished":"2024-09-01T08:16:05+00:00","dateModified":"2025-02-01T08:52:25+00:00","mainEntityOfPage":{"@id":"https:\/\/formation-lithotherapie-bretagne.com\/index.php\/2024\/09\/01\/le-grenat-almandin-saptembre-2024\/"},"wordCount":632,"commentCount":0,"image":{"@id":"https:\/\/formation-lithotherapie-bretagne.com\/index.php\/2024\/09\/01\/le-grenat-almandin-saptembre-2024\/#primaryimage"},"thumbnailUrl":"https:\/\/formation-lithotherapie-bretagne.com\/wp-content\/uploads\/2024\/09\/grenatAlmandin.jpg","articleSection":["La Pierre du Mois"],"inLanguage":"fr-FR","potentialAction":[{"@type":"CommentAction","name":"Comment","target":["https:\/\/formation-lithotherapie-bretagne.com\/index.php\/2024\/09\/01\/le-grenat-almandin-saptembre-2024\/#respond"]}]},{"@type":"WebPage","@id":"https:\/\/formation-lithotherapie-bretagne.com\/index.php\/2024\/09\/01\/le-grenat-almandin-saptembre-2024\/","url":"https:\/\/formation-lithotherapie-bretagne.com\/index.php\/2024\/09\/01\/le-grenat-almandin-saptembre-2024\/","name":"Le Grenat Almandin - Septembre 2024 - Formation Lithoth\u00e9rapie Bretagne","isPartOf":{"@id":"https:\/\/formation-lithotherapie-bretagne.com\/#website"},"primaryImageOfPage":{"@id":"https:\/\/formation-lithotherapie-bretagne.com\/index.php\/2024\/09\/01\/le-grenat-almandin-saptembre-2024\/#primaryimage"},"image":{"@id":"https:\/\/formation-lithotherapie-bretagne.com\/index.php\/2024\/09\/01\/le-grenat-almandin-saptembre-2024\/#primaryimage"},"thumbnailUrl":"https:\/\/formation-lithotherapie-bretagne.com\/wp-content\/uploads\/2024\/09\/grenatAlmandin.jpg","datePublished":"2024-09-01T08:16:05+00:00","dateModified":"2025-02-01T08:52:25+00:00","author":{"@id":"https:\/\/formation-lithotherapie-bretagne.com\/#\/schema\/person\/6b4829ff8a2107cc57a6944da23b9720"},"breadcrumb":{"@id":"https:\/\/formation-lithotherapie-bretagne.com\/index.php\/2024\/09\/01\/le-grenat-almandin-saptembre-2024\/#breadcrumb"},"inLanguage":"fr-FR","potentialAction":[{"@type":"ReadAction","target":["https:\/\/formation-lithotherapie-bretagne.com\/index.php\/2024\/09\/01\/le-grenat-almandin-saptembre-2024\/"]}]},{"@type":"ImageObject","inLanguage":"fr-FR","@id":"https:\/\/formation-lithotherapie-bretagne.com\/index.php\/2024\/09\/01\/le-grenat-almandin-saptembre-2024\/#primaryimage","url":"https:\/\/formation-lithotherapie-bretagne.com\/wp-content\/uploads\/2024\/09\/grenatAlmandin.jpg","contentUrl":"https:\/\/formation-lithotherapie-bretagne.com\/wp-content\/uploads\/2024\/09\/grenatAlmandin.jpg","width":227,"height":179},{"@type":"BreadcrumbList","@id":"https:\/\/formation-lithotherapie-bretagne.com\/index.php\/2024\/09\/01\/le-grenat-almandin-saptembre-2024\/#breadcrumb","itemListElement":[{"@type":"ListItem","position":1,"name":"Accueil","item":"https:\/\/formation-lithotherapie-bretagne.com\/"},{"@type":"ListItem","position":2,"name":"Le Grenat Almandin &#8211; Septembre 2024"}]},{"@type":"WebSite","@id":"https:\/\/formation-lithotherapie-bretagne.com\/#website","url":"https:\/\/formation-lithotherapie-bretagne.com\/","name":"Formation Lithoth\u00e9rapie Bretagne","description":"Formation Lithoth\u00e9rapie en Bretagne","potentialAction":[{"@type":"SearchAction","target":{"@type":"EntryPoint","urlTemplate":"https:\/\/formation-lithotherapie-bretagne.com\/?s={search_term_string}"},"query-input":{"@type":"PropertyValueSpecification","valueRequired":true,"valueName":"search_term_string"}}],"inLanguage":"fr-FR"},{"@type":"Person","@id":"https:\/\/formation-lithotherapie-bretagne.com\/#\/schema\/person\/6b4829ff8a2107cc57a6944da23b9720","name":"Chrystelle","image":{"@type":"ImageObject","inLanguage":"fr-FR","@id":"https:\/\/formation-lithotherapie-bretagne.com\/#\/schema\/person\/image\/","url":"https:\/\/secure.gravatar.com\/avatar\/e49a61936d706ba05d8a3441114a21853c08aae5daa3936e8db191d17f1a58e0?s=96&d=mm&r=g","contentUrl":"https:\/\/secure.gravatar.com\/avatar\/e49a61936d706ba05d8a3441114a21853c08aae5daa3936e8db191d17f1a58e0?s=96&d=mm&r=g","caption":"Chrystelle"},"sameAs":["http:\/\/formation-lithotherapie-bretagne.com"],"url":"https:\/\/formation-lithotherapie-bretagne.com\/index.php\/author\/admin3598\/"}]}},"uagb_featured_image_src":{"full":["https:\/\/formation-lithotherapie-bretagne.com\/wp-content\/uploads\/2024\/09\/grenatAlmandin.jpg",227,179,false],"thumbnail":["https:\/\/formation-lithotherapie-bretagne.com\/wp-content\/uploads\/2024\/09\/grenatAlmandin-150x150.jpg",150,150,true],"medium":["https:\/\/formation-lithotherapie-bretagne.com\/wp-content\/uploads\/2024\/09\/grenatAlmandin.jpg",227,179,false],"medium_large":["https:\/\/formation-lithotherapie-bretagne.com\/wp-content\/uploads\/2024\/09\/grenatAlmandin.jpg",227,179,false],"large":["https:\/\/formation-lithotherapie-bretagne.com\/wp-content\/uploads\/2024\/09\/grenatAlmandin.jpg",227,179,false],"1536x1536":["https:\/\/formation-lithotherapie-bretagne.com\/wp-content\/uploads\/2024\/09\/grenatAlmandin.jpg",227,179,false],"2048x2048":["https:\/\/formation-lithotherapie-bretagne.com\/wp-content\/uploads\/2024\/09\/grenatAlmandin.jpg",227,179,false],"woocommerce_thumbnail":["https:\/\/formation-lithotherapie-bretagne.com\/wp-content\/uploads\/2024\/09\/grenatAlmandin.jpg",227,179,false],"woocommerce_single":["https:\/\/formation-lithotherapie-bretagne.com\/wp-content\/uploads\/2024\/09\/grenatAlmandin.jpg",227,179,false],"woocommerce_gallery_thumbnail":["https:\/\/formation-lithotherapie-bretagne.com\/wp-content\/uploads\/2024\/09\/grenatAlmandin-100x100.jpg",100,100,true]},"uagb_author_info":{"display_name":"Chrystelle","author_link":"https:\/\/formation-lithotherapie-bretagne.com\/index.php\/author\/admin3598\/"},"uagb_comment_info":0,"uagb_excerpt":"Le Grenat Almandin L&rsquo;\u00e9quinoxe d&rsquo;automne ayant lieu le 22 septembre, nous nous pr\u00e9parons doucement \u00e0 rentrer dans l&rsquo;automne. Samhain, soupe de potiron, ch\u00e2taignes grill\u00e9es et autres festivit\u00e9s se pr\u00e9parent et [&hellip;]","_links":{"self":[{"href":"https:\/\/formation-lithotherapie-bretagne.com\/index.php\/wp-json\/wp\/v2\/posts\/485","targetHints":{"allow":["GET"]}}],"collection":[{"href":"https:\/\/formation-lithotherapie-bretagne.com\/index.php\/wp-json\/wp\/v2\/posts"}],"about":[{"href":"https:\/\/formation-lithotherapie-bretagne.com\/index.php\/wp-json\/wp\/v2\/types\/post"}],"author":[{"embeddable":true,"href":"https:\/\/formation-lithotherapie-bretagne.com\/index.php\/wp-json\/wp\/v2\/users\/1"}],"replies":[{"embeddable":true,"href":"https:\/\/formation-lithotherapie-bretagne.com\/index.php\/wp-json\/wp\/v2\/comments?post=485"}],"version-history":[{"count":2,"href":"https:\/\/formation-lithotherapie-bretagne.com\/index.php\/wp-json\/wp\/v2\/posts\/485\/revisions"}],"predecessor-version":[{"id":488,"href":"https:\/\/formation-lithotherapie-bretagne.com\/index.php\/wp-json\/wp\/v2\/posts\/485\/revisions\/488"}],"wp:featuredmedia":[{"embeddable":true,"href":"https:\/\/formation-lithotherapie-bretagne.com\/index.php\/wp-json\/wp\/v2\/media\/486"}],"wp:attachment":[{"href":"https:\/\/formation-lithotherapie-bretagne.com\/index.php\/wp-json\/wp\/v2\/media?parent=485"}],"wp:term":[{"taxonomy":"category","embeddable":true,"href":"https:\/\/formation-lithotherapie-bretagne.com\/index.php\/wp-json\/wp\/v2\/categories?post=485"},{"taxonomy":"post_tag","embeddable":true,"href":"https:\/\/formation-lithotherapie-bretagne.com\/index.php\/wp-json\/wp\/v2\/tags?post=485"}],"curies":[{"name":"wp","href":"https:\/\/api.w.org\/{rel}","templated":true}]}}